{"id":11522,"date":"2025-03-28T09:02:49","date_gmt":"2025-03-28T09:02:49","guid":{"rendered":"https:\/\/www.eggo.be\/?p=11522"},"modified":"2025-05-19T08:42:14","modified_gmt":"2025-05-19T08:42:14","slug":"comment-integrer-un-ilot-central-dans-une-petite-cuisine","status":"publish","type":"post","link":"https:\/\/www.eggo.be\/fr\/blog\/comment-integrer-un-ilot-central-dans-une-petite-cuisine\/","title":{"rendered":"Comment int\u00e9grer un \u00eelot central dans une petite cuisine\u00a0?"},"content":{"rendered":"\t\t<div data-elementor-type=\"wp-post\" data-elementor-id=\"11522\" class=\"elementor elementor-11522\" data-elementor-post-type=\"post\">\n\t\t\t\t<div class=\"elementor-element elementor-element-934402b e-flex e-con-boxed e-con e-parent\" data-id=\"934402b\" data-element_type=\"container\" data-e-type=\"container\">\n\t\t\t\t\t<div class=\"e-con-inner\">\n\t\t<div class=\"elementor-element elementor-element-21b1956 e-con-full e-flex e-con e-child\" data-id=\"21b1956\" data-element_type=\"container\" data-e-type=\"container\">\n\t\t\t\t<div class=\"elementor-element elementor-element-ad2bbe3 elementor-widget elementor-widget-theme-post-title elementor-page-title elementor-widget-heading\" data-id=\"ad2bbe3\" data-element_type=\"widget\" data-e-type=\"widget\" data-widget_type=\"theme-post-title.default\">\n\t\t\t\t<div class=\"elementor-widget-container\">\n\t\t\t\t\t<h1 class=\"elementor-heading-title elementor-size-default\">Comment int\u00e9grer un \u00eelot central dans une petite cuisine\u00a0?<\/h1>\t\t\t\t<\/div>\n\t\t\t\t<\/div>\n\t\t\t\t<div class=\"elementor-element elementor-element-0f3b5b0 elementor-widget elementor-widget-theme-post-excerpt\" data-id=\"0f3b5b0\" data-element_type=\"widget\" data-e-type=\"widget\" data-widget_type=\"theme-post-excerpt.default\">\n\t\t\t\t<div class=\"elementor-widget-container\">\n\t\t\t\t\tVous avez toujours r\u00eav\u00e9 d\u2019un <strong>\u00eelot central<\/strong>, mais vous poss\u00e9dez une <a href=\"\/cuisines\/agencement\/petites-cuisines\">petite cuisine<\/a> ? Pas de probl\u00e8me\u00a0! Bien pens\u00e9 et bien am\u00e9nag\u00e9, l\u2019\u00eelot central s\u2019int\u00e8gre parfaitement aux cuisines de petite taille et apporte m\u00eame des avantages non n\u00e9gligeables. Alors, chez \u00e8ggo, nos designers vous donnent un <a href=\"\/prix-dune-cuisine\/petit-prix\/\">coup de pouce<\/a> pour am\u00e9nager votre petite cuisine avec un \u00eelot central, \u00e0 moindres frais.\u00a0\t\t\t\t<\/div>\n\t\t\t\t<\/div>\n\t\t\t\t<\/div>\n\t\t<div class=\"elementor-element elementor-element-30e7952 e-con-full e-flex e-con e-child\" data-id=\"30e7952\" data-element_type=\"container\" data-e-type=\"container\" data-settings=\"{&quot;background_background&quot;:&quot;classic&quot;}\">\n\t\t\t\t<\/div>\n\t\t\t\t\t<\/div>\n\t\t\t\t<\/div>\n\t\t<div class=\"elementor-element elementor-element-62e41c2 e-flex e-con-boxed e-con e-parent\" data-id=\"62e41c2\" data-element_type=\"container\" data-e-type=\"container\" data-settings=\"{&quot;background_background&quot;:&quot;classic&quot;}\">\n\t\t\t\t\t<div class=\"e-con-inner\">\n\t\t<div class=\"elementor-element elementor-element-d151008 e-con-full e-flex e-con e-child\" data-id=\"d151008\" data-element_type=\"container\" data-e-type=\"container\">\n\t\t\t\t<div class=\"elementor-element elementor-element-8336526 elementor-widget elementor-widget-heading\" data-id=\"8336526\" data-element_type=\"widget\" data-e-type=\"widget\" data-widget_type=\"heading.default\">\n\t\t\t\t<div class=\"elementor-widget-container\">\n\t\t\t\t\t<h2 class=\"elementor-heading-title elementor-size-default\">L\u2019\u00eelot central\u00a0: partenaire de l\u2019optimisation des petits espaces<\/h2>\t\t\t\t<\/div>\n\t\t\t\t<\/div>\n\t\t<div class=\"elementor-element elementor-element-6a884a7 e-con-full e-flex e-con e-child\" data-id=\"6a884a7\" data-element_type=\"container\" data-e-type=\"container\">\n\t\t<div class=\"elementor-element elementor-element-de7eb66 e-con-full e-flex e-con e-child\" data-id=\"de7eb66\" data-element_type=\"container\" data-e-type=\"container\">\n\t\t\t\t<div class=\"elementor-element elementor-element-3714cf0 elementor-widget elementor-widget-text-editor\" data-id=\"3714cf0\" data-element_type=\"widget\" data-e-type=\"widget\" data-widget_type=\"text-editor.default\">\n\t\t\t\t<div class=\"elementor-widget-container\">\n\t\t\t\t\t\t\t\t\t<p>L\u2019\u00eelot central offre du <strong>charme<\/strong> \u00e0 une cuisine, quel que soit son style de d\u00e9co. Mais au-del\u00e0 de son avantage esth\u00e9tique ind\u00e9niable, c\u2019est surtout son <strong>c\u00f4t\u00e9 pratique<\/strong> qui en fait un <strong>v\u00e9ritable alli\u00e9 des <a href=\"\/cuisines\/agencement\/petites-cuisines\">petites cuisines<\/a><\/strong>. Correctement agenc\u00e9, l\u2019\u00eelot central vous permet <strong>d\u2019optimiser chaque cm2 disponible<\/strong> en fonction de vos besoins\u00a0: rangements suppl\u00e9mentaires, table conviviale ou encore plan de travail pour pr\u00e9parer vos petits plats\u2026<\/p><p>\u00a0<\/p><p>En plus, si vous disposez d\u2019une cuisine ouverte, l\u2019\u00eelot central vous permet de cr\u00e9er une <strong>s\u00e9paration<\/strong> entre votre espace cuisine et votre salon ou salle \u00e0 manger. Visuellement, votre pi\u00e8ce de vie semble plus structur\u00e9e, mieux a\u00e9r\u00e9e et donc plus grande. Bref, l\u2019\u00eelot central, c\u2019est l\u2019\u00e9l\u00e9ment <a href=\"\/prix-dune-cuisine\/petit-prix\/\">coup de pouce<\/a> de votre petite cuisine.<\/p>\t\t\t\t\t\t\t\t<\/div>\n\t\t\t\t<\/div>\n\t\t\t\t<\/div>\n\t\t\t\t<\/div>\n\t\t\t\t<\/div>\n\t\t<div class=\"elementor-element elementor-element-164f93f e-con-full e-flex e-con e-child\" data-id=\"164f93f\" data-element_type=\"container\" data-e-type=\"container\" data-settings=\"{&quot;background_background&quot;:&quot;classic&quot;}\">\n\t\t\t\t<\/div>\n\t\t\t\t\t<\/div>\n\t\t\t\t<\/div>\n\t\t<div class=\"elementor-element elementor-element-e260db8 e-flex e-con-boxed e-con e-parent\" data-id=\"e260db8\" data-element_type=\"container\" data-e-type=\"container\">\n\t\t\t\t\t<div class=\"e-con-inner\">\n\t\t<div class=\"elementor-element elementor-element-e6f9fe3 e-flex e-con-boxed e-con e-child\" data-id=\"e6f9fe3\" data-element_type=\"container\" data-e-type=\"container\">\n\t\t\t\t\t<div class=\"e-con-inner\">\n\t\t\t\t<div class=\"elementor-element elementor-element-a579565 elementor-widget elementor-widget-heading\" data-id=\"a579565\" data-element_type=\"widget\" data-e-type=\"widget\" data-widget_type=\"heading.default\">\n\t\t\t\t<div class=\"elementor-widget-container\">\n\t\t\t\t\t<h2 class=\"elementor-heading-title elementor-size-default\">Le design de votre \u00eelot central<\/h2>\t\t\t\t<\/div>\n\t\t\t\t<\/div>\n\t\t\t\t<div class=\"elementor-element elementor-element-e1d8814 elementor-widget elementor-widget-text-editor\" data-id=\"e1d8814\" data-element_type=\"widget\" data-e-type=\"widget\" data-widget_type=\"text-editor.default\">\n\t\t\t\t<div class=\"elementor-widget-container\">\n\t\t\t\t\t\t\t\t\t<p>De fa\u00e7on g\u00e9n\u00e9rale, les <strong>mat\u00e9riaux<\/strong> et les <strong>couleurs<\/strong> des meubles influencent notre perception de l\u2019espace. Il en va de m\u00eame pour l\u2019\u00eelot central\u00a0!\u00a0<\/p>\t\t\t\t\t\t\t\t<\/div>\n\t\t\t\t<\/div>\n\t\t\t\t\t<\/div>\n\t\t\t\t<\/div>\n\t\t<div class=\"elementor-element elementor-element-ee2ad75 e-con-full e-flex e-con e-child\" data-id=\"ee2ad75\" data-element_type=\"container\" data-e-type=\"container\">\n\t\t<div class=\"elementor-element elementor-element-81d2d51 e-con-full e-flex e-con e-child\" data-id=\"81d2d51\" data-element_type=\"container\" data-e-type=\"container\">\n\t\t<div class=\"elementor-element elementor-element-25d7ac9 e-con-full e-flex e-con e-child\" data-id=\"25d7ac9\" data-element_type=\"container\" data-e-type=\"container\">\n\t\t\t\t<div class=\"elementor-element elementor-element-346c632 elementor-widget elementor-widget-image\" data-id=\"346c632\" data-element_type=\"widget\" data-e-type=\"widget\" data-widget_type=\"image.default\">\n\t\t\t\t<div class=\"elementor-widget-container\">\n\t\t\t\t\t\t\t\t\t\t\t\t\t\t\t<img loading=\"lazy\" decoding=\"async\" width=\"629\" height=\"364\" src=\"https:\/\/www.eggo.be\/wp-content\/uploads\/2025\/03\/visu4-1.png\" class=\"attachment-large size-large wp-image-12926\" alt=\"Cuisine moderne avec des armoires blanches, un plan de travail en bois clair, deux tabourets noirs, et un bol de fruits color\u00e9s sur le comptoir.\" srcset=\"https:\/\/www.eggo.be\/wp-content\/uploads\/2025\/03\/visu4-1.png 629w, https:\/\/www.eggo.be\/wp-content\/uploads\/2025\/03\/visu4-1-300x174.png 300w\" sizes=\"auto, (max-width: 629px) 100vw, 629px\" \/>\t\t\t\t\t\t\t\t\t\t\t\t\t\t\t<\/div>\n\t\t\t\t<\/div>\n\t\t<div class=\"elementor-element elementor-element-ce0803b e-con-full e-flex e-con e-child\" data-id=\"ce0803b\" data-element_type=\"container\" data-e-type=\"container\">\n\t\t\t\t<div class=\"elementor-element elementor-element-f5ab761 elementor-widget elementor-widget-heading\" data-id=\"f5ab761\" data-element_type=\"widget\" data-e-type=\"widget\" data-widget_type=\"heading.default\">\n\t\t\t\t<div class=\"elementor-widget-container\">\n\t\t\t\t\t<h2 class=\"elementor-heading-title elementor-size-default\">Des couleurs harmonieuses et claires<\/h2>\t\t\t\t<\/div>\n\t\t\t\t<\/div>\n\t\t\t\t<div class=\"elementor-element elementor-element-55e73ad elementor-widget elementor-widget-text-editor\" data-id=\"55e73ad\" data-element_type=\"widget\" data-e-type=\"widget\" data-widget_type=\"text-editor.default\">\n\t\t\t\t<div class=\"elementor-widget-container\">\n\t\t\t\t\t\t\t\t\t<p>Afin de cr\u00e9er une <strong>d\u00e9coration harmonieuse<\/strong> dans votre pi\u00e8ce, choisissez un \u00eelot du <strong>m\u00eame style<\/strong> que les meubles de votre cuisine. Chez \u00e8ggo, vous pouvez choisir <a href=\"\/fr\/cuisines\/finition-cuisine\/\">les couleurs et les finitions<\/a> afin de b\u00e9n\u00e9ficier d\u2019une cuisine 100 % personnalis\u00e9e.<\/p><p>\u00a0<\/p><p>Vous installez une toute nouvelle cuisine avec un \u00eelot central\u00a0? Nous vous conseillons de vous tourner vers des fa\u00e7ades des <strong>couleurs claires<\/strong>, comme le blanc qui a la r\u00e9putation d\u2019ouvrir visuellement les espaces. On \u00e9vite cependant le noir (ou seulement par petites touches), car cette couleur est trop sombre pour une petite pi\u00e8ce. Le plus\u00a0? Une <strong>finition laqu\u00e9e<\/strong>, plus lumineuse et donc plus adapt\u00e9e aux petites cuisines.\u00a0<\/p>\t\t\t\t\t\t\t\t<\/div>\n\t\t\t\t<\/div>\n\t\t\t\t<\/div>\n\t\t\t\t<\/div>\n\t\t<div class=\"elementor-element elementor-element-f108fea e-con-full e-flex e-con e-child\" data-id=\"f108fea\" data-element_type=\"container\" data-e-type=\"container\">\n\t\t\t\t<div class=\"elementor-element elementor-element-8428344 elementor-widget elementor-widget-image\" data-id=\"8428344\" data-element_type=\"widget\" data-e-type=\"widget\" data-widget_type=\"image.default\">\n\t\t\t\t<div class=\"elementor-widget-container\">\n\t\t\t\t\t\t\t\t\t\t\t\t\t\t\t<img loading=\"lazy\" decoding=\"async\" width=\"629\" height=\"364\" src=\"https:\/\/www.eggo.be\/wp-content\/uploads\/2025\/03\/visu3-2.png\" class=\"attachment-large size-large wp-image-12928\" alt=\"Cuisine moderne avec \u00eelot central bleu, \u00e9vier blanc, objets d\u00e9coratifs, four encastr\u00e9 noir et plante verte \u00e0 gauche.\" srcset=\"https:\/\/www.eggo.be\/wp-content\/uploads\/2025\/03\/visu3-2.png 629w, https:\/\/www.eggo.be\/wp-content\/uploads\/2025\/03\/visu3-2-300x174.png 300w\" sizes=\"auto, (max-width: 629px) 100vw, 629px\" \/>\t\t\t\t\t\t\t\t\t\t\t\t\t\t\t<\/div>\n\t\t\t\t<\/div>\n\t\t<div class=\"elementor-element elementor-element-45e1626 e-con-full e-flex e-con e-child\" data-id=\"45e1626\" data-element_type=\"container\" data-e-type=\"container\">\n\t\t\t\t<div class=\"elementor-element elementor-element-13349fa elementor-widget elementor-widget-heading\" data-id=\"13349fa\" data-element_type=\"widget\" data-e-type=\"widget\" data-widget_type=\"heading.default\">\n\t\t\t\t<div class=\"elementor-widget-container\">\n\t\t\t\t\t<h2 class=\"elementor-heading-title elementor-size-default\">Des mat\u00e9riaux durables<\/h2>\t\t\t\t<\/div>\n\t\t\t\t<\/div>\n\t\t\t\t<div class=\"elementor-element elementor-element-1394148 elementor-widget elementor-widget-text-editor\" data-id=\"1394148\" data-element_type=\"widget\" data-e-type=\"widget\" data-widget_type=\"text-editor.default\">\n\t\t\t\t<div class=\"elementor-widget-container\">\n\t\t\t\t\t\t\t\t\t<p>Quant au <strong>mat\u00e9riau<\/strong>, choisissez-le design et facile \u00e0 nettoyer, surtout si vous comptez utiliser votre \u00eelot central comme <a href=\"\/cuisines\/plans-de-travail\">plan de travail<\/a> suppl\u00e9mentaire ou comme table pour manger. Jetez votre d\u00e9volu sur du bois stratifi\u00e9, par exemple, ou sur une <strong>imitation de pierre naturelle,<\/strong> pour une <a href=\"\/prix-dune-cuisine\/petit-prix\/\">cuisine au style r\u00e9solument moderne \u00e0 petit prix<\/a>.\u00a0<\/p><p>\u00a0<\/p><p>Chez \u00e8ggo, nos meubles sont particuli\u00e8rement <strong>robustes<\/strong>. De <strong>qualit\u00e9 allemande<\/strong>, ils sont <strong>mont\u00e9s en usine<\/strong>. Vous profitez donc d\u2019une cuisine solide que vous garderez longtemps, pour un <strong>petit budget<\/strong>\u00a0!\u00a0<\/p>\t\t\t\t\t\t\t\t<\/div>\n\t\t\t\t<\/div>\n\t\t\t\t<\/div>\n\t\t\t\t<\/div>\n\t\t\t\t<\/div>\n\t\t\t\t<\/div>\n\t\t\t\t\t<\/div>\n\t\t\t\t<\/div>\n\t\t<div class=\"elementor-element elementor-element-10d1169 e-flex e-con-boxed e-con e-parent\" data-id=\"10d1169\" data-element_type=\"container\" data-e-type=\"container\" data-settings=\"{&quot;background_background&quot;:&quot;classic&quot;}\">\n\t\t\t\t\t<div class=\"e-con-inner\">\n\t\t<div class=\"elementor-element elementor-element-20c5bcc e-flex e-con-boxed e-con e-child\" data-id=\"20c5bcc\" data-element_type=\"container\" data-e-type=\"container\">\n\t\t\t\t\t<div class=\"e-con-inner\">\n\t\t\t\t<div class=\"elementor-element elementor-element-0150586 elementor-widget elementor-widget-heading\" data-id=\"0150586\" data-element_type=\"widget\" data-e-type=\"widget\" data-widget_type=\"heading.default\">\n\t\t\t\t<div class=\"elementor-widget-container\">\n\t\t\t\t\t<h2 class=\"elementor-heading-title elementor-size-default\">Comment bien choisir votre \u00eelot central pour votre petite cuisine\u00a0?<\/h2>\t\t\t\t<\/div>\n\t\t\t\t<\/div>\n\t\t\t\t<div class=\"elementor-element elementor-element-f5c0d9a elementor-widget elementor-widget-text-editor\" data-id=\"f5c0d9a\" data-element_type=\"widget\" data-e-type=\"widget\" data-widget_type=\"text-editor.default\">\n\t\t\t\t<div class=\"elementor-widget-container\">\n\t\t\t\t\t\t\t\t\t<p>Pour que votre nouvel \u00eelot central vous fasse profiter de tous ces avantages, il est important de bien le choisir. Pour ce faire, nous vous donnons quelques conseils d\u2019expert.\u00a0<\/p>\t\t\t\t\t\t\t\t<\/div>\n\t\t\t\t<\/div>\n\t\t\t\t\t<\/div>\n\t\t\t\t<\/div>\n\t\t<div class=\"elementor-element elementor-element-aafb88b e-con-full e-flex e-con e-child\" data-id=\"aafb88b\" data-element_type=\"container\" data-e-type=\"container\">\n\t\t<div class=\"elementor-element elementor-element-8ea7b9a e-con-full e-flex e-con e-child\" data-id=\"8ea7b9a\" data-element_type=\"container\" data-e-type=\"container\">\n\t\t<div class=\"elementor-element elementor-element-7c7be4b e-con-full e-flex e-con e-child\" data-id=\"7c7be4b\" data-element_type=\"container\" data-e-type=\"container\">\n\t\t\t\t<div class=\"elementor-element elementor-element-969280c elementor-widget elementor-widget-image\" data-id=\"969280c\" data-element_type=\"widget\" data-e-type=\"widget\" data-widget_type=\"image.default\">\n\t\t\t\t<div class=\"elementor-widget-container\">\n\t\t\t\t\t\t\t\t\t\t\t\t\t\t\t<img loading=\"lazy\" decoding=\"async\" width=\"629\" height=\"239\" src=\"https:\/\/www.eggo.be\/wp-content\/uploads\/2025\/03\/image-17.png\" class=\"attachment-large size-large wp-image-12934\" alt=\"Cuisine moderne avec des armoires bleues, un plan de travail en bois clair, des vases d\u00e9coratifs, et un four encastr\u00e9 au fond.\" srcset=\"https:\/\/www.eggo.be\/wp-content\/uploads\/2025\/03\/image-17.png 629w, https:\/\/www.eggo.be\/wp-content\/uploads\/2025\/03\/image-17-300x114.png 300w\" sizes=\"auto, (max-width: 629px) 100vw, 629px\" \/>\t\t\t\t\t\t\t\t\t\t\t\t\t\t\t<\/div>\n\t\t\t\t<\/div>\n\t\t<div class=\"elementor-element elementor-element-c93e684 e-con-full e-flex e-con e-child\" data-id=\"c93e684\" data-element_type=\"container\" data-e-type=\"container\">\n\t\t\t\t<div class=\"elementor-element elementor-element-eff08d6 elementor-widget elementor-widget-heading\" data-id=\"eff08d6\" data-element_type=\"widget\" data-e-type=\"widget\" data-widget_type=\"heading.default\">\n\t\t\t\t<div class=\"elementor-widget-container\">\n\t\t\t\t\t<h2 class=\"elementor-heading-title elementor-size-default\">Un maximum de rangements<\/h2>\t\t\t\t<\/div>\n\t\t\t\t<\/div>\n\t\t\t\t<div class=\"elementor-element elementor-element-0dd94a5 elementor-widget elementor-widget-text-editor\" data-id=\"0dd94a5\" data-element_type=\"widget\" data-e-type=\"widget\" data-widget_type=\"text-editor.default\">\n\t\t\t\t<div class=\"elementor-widget-container\">\n\t\t\t\t\t\t\t\t\t<p>Des <a href=\"\/cuisines\/meubles\/\" data-wplink-edit=\"true\">espaces de rangement<\/a>, on n\u2019en a jamais assez, surtout dans une petite cuisine\u00a0! Alors, on profite de l\u2019\u00eelot central pour ajouter un maximum de rangements suppl\u00e9mentaires. Misez sur de <strong>grands tiroirs bas<\/strong> et des <strong>casseroliers<\/strong> avec un plateau coulissant, par exemple. Privil\u00e9giez les <strong>rangements ferm\u00e9s<\/strong>, plus facile \u00e0 garder en ordre, permet d\u2019\u00e9viter une sensation d\u2019encombrement si vous laissez trainer quelques affaires sur les \u00e9tag\u00e8res ouvertes.<\/p>\t\t\t\t\t\t\t\t<\/div>\n\t\t\t\t<\/div>\n\t\t\t\t<\/div>\n\t\t\t\t<\/div>\n\t\t<div class=\"elementor-element elementor-element-638f610 e-con-full e-flex e-con e-child\" data-id=\"638f610\" data-element_type=\"container\" data-e-type=\"container\">\n\t\t\t\t<div class=\"elementor-element elementor-element-1b2642e elementor-widget elementor-widget-image\" data-id=\"1b2642e\" data-element_type=\"widget\" data-e-type=\"widget\" data-widget_type=\"image.default\">\n\t\t\t\t<div class=\"elementor-widget-container\">\n\t\t\t\t\t\t\t\t\t\t\t\t\t\t\t<img loading=\"lazy\" decoding=\"async\" width=\"629\" height=\"239\" src=\"https:\/\/www.eggo.be\/wp-content\/uploads\/2025\/03\/visu1-2.png\" class=\"attachment-large size-large wp-image-12936\" alt=\"Cuisine moderne avec meubles blancs et plan de travail en bois clair, tabourets noirs, et mur bleu. \u00c9vier et four int\u00e9gr\u00e9s.\" srcset=\"https:\/\/www.eggo.be\/wp-content\/uploads\/2025\/03\/visu1-2.png 629w, https:\/\/www.eggo.be\/wp-content\/uploads\/2025\/03\/visu1-2-300x114.png 300w\" sizes=\"auto, (max-width: 629px) 100vw, 629px\" \/>\t\t\t\t\t\t\t\t\t\t\t\t\t\t\t<\/div>\n\t\t\t\t<\/div>\n\t\t<div class=\"elementor-element elementor-element-219530b e-con-full e-flex e-con e-child\" data-id=\"219530b\" data-element_type=\"container\" data-e-type=\"container\">\n\t\t\t\t<div class=\"elementor-element elementor-element-5e8afac elementor-widget elementor-widget-heading\" data-id=\"5e8afac\" data-element_type=\"widget\" data-e-type=\"widget\" data-widget_type=\"heading.default\">\n\t\t\t\t<div class=\"elementor-widget-container\">\n\t\t\t\t\t<h2 class=\"elementor-heading-title elementor-size-default\">Des \u00e9lectrom\u00e9nagers encastr\u00e9s\u00a0<\/h2>\t\t\t\t<\/div>\n\t\t\t\t<\/div>\n\t\t\t\t<div class=\"elementor-element elementor-element-0c8328e elementor-widget elementor-widget-text-editor\" data-id=\"0c8328e\" data-element_type=\"widget\" data-e-type=\"widget\" data-widget_type=\"text-editor.default\">\n\t\t\t\t<div class=\"elementor-widget-container\">\n\t\t\t\t\t\t\t\t\t<p>Petite <a href=\"\/prix-dune-cuisine\/petit-prix\/\">cuisine bien pens\u00e9e<\/a> rime aussi avec <strong>cuisine bien \u00e9quip\u00e9e<\/strong>\u00a0! Si vous n\u2019avez pas assez d\u2019espace pour des <a href=\"\/cuisines\/electromenager\/\">\u00e9lectrom\u00e9nagers<\/a> dans les meubles de votre cuisine, <strong>encastrez-les<\/strong> dans votre \u00eelot central\u00a0! Four, lave-vaisselle ou encore plaque de cuisson y trouveront facilement leur place. Et pour une cuisine toujours plus fonctionnelle, vous pouvez m\u00eame y ajouter un <a href=\"\/cuisines\/eviers\">\u00e9vier<\/a>.\u00a0<\/p>\t\t\t\t\t\t\t\t<\/div>\n\t\t\t\t<\/div>\n\t\t\t\t<\/div>\n\t\t\t\t<\/div>\n\t\t<div class=\"elementor-element elementor-element-38e19cd e-con-full e-flex e-con e-child\" data-id=\"38e19cd\" data-element_type=\"container\" data-e-type=\"container\">\n\t\t\t\t<div class=\"elementor-element elementor-element-3328e40 elementor-widget elementor-widget-image\" data-id=\"3328e40\" data-element_type=\"widget\" data-e-type=\"widget\" data-widget_type=\"image.default\">\n\t\t\t\t<div class=\"elementor-widget-container\">\n\t\t\t\t\t\t\t\t\t\t\t\t\t\t\t<img loading=\"lazy\" decoding=\"async\" width=\"629\" height=\"239\" src=\"https:\/\/www.eggo.be\/wp-content\/uploads\/2025\/03\/visu5-2.png\" class=\"attachment-large size-large wp-image-12938\" alt=\"Plan de travail de cuisine noir avec \u00e9vier int\u00e9gr\u00e9, planche \u00e0 d\u00e9couper avec l\u00e9gumes, couteau et cuill\u00e8res dispos\u00e9s sur la surface.\" srcset=\"https:\/\/www.eggo.be\/wp-content\/uploads\/2025\/03\/visu5-2.png 629w, https:\/\/www.eggo.be\/wp-content\/uploads\/2025\/03\/visu5-2-300x114.png 300w\" sizes=\"auto, (max-width: 629px) 100vw, 629px\" \/>\t\t\t\t\t\t\t\t\t\t\t\t\t\t\t<\/div>\n\t\t\t\t<\/div>\n\t\t<div class=\"elementor-element elementor-element-0d081f2 e-con-full e-flex e-con e-child\" data-id=\"0d081f2\" data-element_type=\"container\" data-e-type=\"container\">\n\t\t\t\t<div class=\"elementor-element elementor-element-3f0a4f2 elementor-widget elementor-widget-heading\" data-id=\"3f0a4f2\" data-element_type=\"widget\" data-e-type=\"widget\" data-widget_type=\"heading.default\">\n\t\t\t\t<div class=\"elementor-widget-container\">\n\t\t\t\t\t<h2 class=\"elementor-heading-title elementor-size-default\">Un plan de travail pratique<\/h2>\t\t\t\t<\/div>\n\t\t\t\t<\/div>\n\t\t\t\t<div class=\"elementor-element elementor-element-ee208fb elementor-widget elementor-widget-text-editor\" data-id=\"ee208fb\" data-element_type=\"widget\" data-e-type=\"widget\" data-widget_type=\"text-editor.default\">\n\t\t\t\t<div class=\"elementor-widget-container\">\n\t\t\t\t\t\t\t\t\t<p>Souvent, une petite cuisine ne dispose pas d\u2019un grand plan de travail sur lequel couper les aliments et les pr\u00e9parer. Heureusement, l\u2019\u00eelot central peut vous venir en aide. Vous pouvez utiliser une partie ou la totalit\u00e9 de sa surface pour en faire un <strong><a href=\"\/cuisines\/plans-de-travail\">plan de travail<\/a> fonctionnel.<\/strong><\/p>\t\t\t\t\t\t\t\t<\/div>\n\t\t\t\t<\/div>\n\t\t\t\t<\/div>\n\t\t\t\t<\/div>\n\t\t<div class=\"elementor-element elementor-element-233e9de e-con-full e-flex e-con e-child\" data-id=\"233e9de\" data-element_type=\"container\" data-e-type=\"container\">\n\t\t\t\t<div class=\"elementor-element elementor-element-bc7122e elementor-widget elementor-widget-image\" data-id=\"bc7122e\" data-element_type=\"widget\" data-e-type=\"widget\" data-widget_type=\"image.default\">\n\t\t\t\t<div class=\"elementor-widget-container\">\n\t\t\t\t\t\t\t\t\t\t\t\t\t\t\t<img loading=\"lazy\" decoding=\"async\" width=\"629\" height=\"239\" src=\"https:\/\/www.eggo.be\/wp-content\/uploads\/2025\/03\/image-18.png\" class=\"attachment-large size-large wp-image-12940\" alt=\"Cuisine moderne avec \u00eelot central en bois clair, \u00e9quip\u00e9e d&#039;un four encastr\u00e9 noir, un robot de cuisine blanc, et des tabourets noirs.\" srcset=\"https:\/\/www.eggo.be\/wp-content\/uploads\/2025\/03\/image-18.png 629w, https:\/\/www.eggo.be\/wp-content\/uploads\/2025\/03\/image-18-300x114.png 300w\" sizes=\"auto, (max-width: 629px) 100vw, 629px\" \/>\t\t\t\t\t\t\t\t\t\t\t\t\t\t\t<\/div>\n\t\t\t\t<\/div>\n\t\t<div class=\"elementor-element elementor-element-c182d4b e-con-full e-flex e-con e-child\" data-id=\"c182d4b\" data-element_type=\"container\" data-e-type=\"container\">\n\t\t\t\t<div class=\"elementor-element elementor-element-a02e05b elementor-widget elementor-widget-heading\" data-id=\"a02e05b\" data-element_type=\"widget\" data-e-type=\"widget\" data-widget_type=\"heading.default\">\n\t\t\t\t<div class=\"elementor-widget-container\">\n\t\t\t\t\t<h2 class=\"elementor-heading-title elementor-size-default\">Un coin repas convivial<\/h2>\t\t\t\t<\/div>\n\t\t\t\t<\/div>\n\t\t\t\t<div class=\"elementor-element elementor-element-4216764 elementor-widget elementor-widget-text-editor\" data-id=\"4216764\" data-element_type=\"widget\" data-e-type=\"widget\" data-widget_type=\"text-editor.default\">\n\t\t\t\t<div class=\"elementor-widget-container\">\n\t\t\t\t\t\t\t\t\t<p>L\u2019\u00eelot central, c\u2019est aussi un bon plan pour cr\u00e9er un <strong>coin repas<\/strong>. Si vous n\u2019avez pas assez de place pour une table de salle \u00e0 manger, votre \u00eelot peut la remplacer. Ajoutez quelques tabourets autour pour plus de convivialit\u00e9. Si vous disposez d\u00e9j\u00e0 d\u2019une table pour manger, vous pouvez faire de ce nouvel \u00e9l\u00e9ment de cuisine un <strong>coin bar hyper tendance<\/strong>, id\u00e9al pour un ap\u00e9ro entre amis.<\/p>\t\t\t\t\t\t\t\t<\/div>\n\t\t\t\t<\/div>\n\t\t\t\t<\/div>\n\t\t\t\t<\/div>\n\t\t\t\t<\/div>\n\t\t\t\t<\/div>\n\t\t\t\t\t<\/div>\n\t\t\t\t<\/div>\n\t\t<div class=\"elementor-element elementor-element-6ccefae e-flex e-con-boxed e-con e-parent\" data-id=\"6ccefae\" data-element_type=\"container\" data-e-type=\"container\">\n\t\t\t\t\t<div class=\"e-con-inner\">\n\t\t\t\t<div class=\"elementor-element elementor-element-b23a954 elementor-widget elementor-widget-image\" data-id=\"b23a954\" data-element_type=\"widget\" data-e-type=\"widget\" data-widget_type=\"image.default\">\n\t\t\t\t<div class=\"elementor-widget-container\">\n\t\t\t\t\t\t\t\t\t\t\t\t\t\t\t<img loading=\"lazy\" decoding=\"async\" width=\"142\" height=\"143\" src=\"https:\/\/www.eggo.be\/wp-content\/uploads\/2025\/02\/Ellipse-44.png\" class=\"attachment-full size-full wp-image-1037\" alt=\"\" \/>\t\t\t\t\t\t\t\t\t\t\t\t\t\t\t<\/div>\n\t\t\t\t<\/div>\n\t\t\t\t<div class=\"elementor-element elementor-element-e69a027 elementor-widget__width-initial elementor-widget elementor-widget-heading\" data-id=\"e69a027\" data-element_type=\"widget\" data-e-type=\"widget\" data-widget_type=\"heading.default\">\n\t\t\t\t<div class=\"elementor-widget-container\">\n\t\t\t\t\t<h2 class=\"elementor-heading-title elementor-size-default\">Faites confiance \u00e0 nos designers \u00e8ggo<\/h2>\t\t\t\t<\/div>\n\t\t\t\t<\/div>\n\t\t<div class=\"elementor-element elementor-element-22360e0 e-con-full e-flex e-con e-child\" data-id=\"22360e0\" data-element_type=\"container\" data-e-type=\"container\">\n\t\t\t\t<div class=\"elementor-element elementor-element-d0c22bd elementor-align-justify elementor-widget__width-initial elementor-button-info elementor-widget-mobile__width-inherit elementor-widget elementor-widget-button\" data-id=\"d0c22bd\" data-element_type=\"widget\" data-e-type=\"widget\" data-widget_type=\"button.default\">\n\t\t\t\t<div class=\"elementor-widget-container\">\n\t\t\t\t\t\t\t\t\t<div class=\"elementor-button-wrapper\">\n\t\t\t\t\t<a class=\"elementor-button elementor-button-link elementor-size-sm\" href=\"\/nos-showrooms\/\">\n\t\t\t\t\t\t<span class=\"elementor-button-content-wrapper\">\n\t\t\t\t\t\t<span class=\"elementor-button-icon\">\n\t\t\t\t<svg xmlns=\"http:\/\/www.w3.org\/2000\/svg\" width=\"21\" height=\"24\" viewBox=\"0 0 21 24\" fill=\"none\"><g clip-path=\"url(#clip0_2930_55779)\"><path d=\"M10.7219 23.3084C10.5776 23.3085 10.4349 23.2774 10.3037 23.2171C10.1725 23.1569 10.0559 23.0689 9.96193 22.9594L7.99993 20.6684H2.27393C1.74349 20.6684 1.23478 20.4576 0.859712 20.0826C0.484639 19.7075 0.273926 19.1988 0.273926 18.6684V2.69336C0.273926 2.16293 0.484639 1.65422 0.859712 1.27915C1.23478 0.904073 1.74349 0.693359 2.27393 0.693359L18.7259 0.693359C19.2564 0.693359 19.7651 0.904073 20.1401 1.27915C20.5152 1.65422 20.7259 2.16293 20.7259 2.69336V18.6684C20.7259 19.1988 20.5152 19.7075 20.1401 20.0826C19.7651 20.4576 19.2564 20.6684 18.7259 20.6684H13.4449L11.4819 22.9594C11.3879 23.0689 11.2714 23.1569 11.1402 23.2171C11.009 23.2774 10.8663 23.3085 10.7219 23.3084ZM6.14293 10.8854C6.16275 10.973 6.18746 11.0595 6.21693 11.1444C6.35853 11.5999 6.59086 12.022 6.89993 12.3854C7.14641 12.6922 7.43768 12.9602 7.76393 13.1804C8.7414 13.8975 9.93738 14.2534 11.1479 14.1874C11.3479 14.1874 11.5099 14.1814 11.6169 14.1764C14.1799 14.1764 16.7419 11.7064 16.7679 11.6814V10.6434C16.763 10.6491 16.7573 10.6542 16.7509 10.6584C15.8713 11.346 14.9249 11.9436 13.9259 12.4424C13.3946 12.6839 12.8175 12.808 12.2339 12.8064C11.968 12.8082 11.7028 12.7807 11.4429 12.7244C11.8174 12.3897 12.1164 11.9791 12.32 11.52C12.5237 11.0608 12.6273 10.5636 12.6239 10.0614C12.6468 9.16625 12.3139 8.29857 11.6981 7.64851C11.0823 6.99844 10.234 6.61901 9.33893 6.59336C8.44389 6.61901 7.59552 6.99844 6.97976 7.64851C6.36399 8.29857 6.03106 9.16625 6.05393 10.0614C6.05396 10.3387 6.0855 10.6151 6.14793 10.8854H6.14293Z\" fill=\"#FE4F02\"><\/path><\/g><defs><clipPath id=\"clip0_2930_55779\"><rect width=\"20.452\" height=\"22.615\" fill=\"white\" transform=\"translate(0.273926 0.693359)\"><\/rect><\/clipPath><\/defs><\/svg>\t\t\t<\/span>\n\t\t\t\t\t\t\t\t\t<span class=\"elementor-button-text\">Nos showrooms<\/span>\n\t\t\t\t\t<\/span>\n\t\t\t\t\t<\/a>\n\t\t\t\t<\/div>\n\t\t\t\t\t\t\t\t<\/div>\n\t\t\t\t<\/div>\n\t\t\t\t<div class=\"elementor-element elementor-element-03bcc9e elementor-align-justify elementor-widget__width-initial elementor-button-info elementor-widget-mobile__width-inherit elementor-widget elementor-widget-button\" data-id=\"03bcc9e\" data-element_type=\"widget\" data-e-type=\"widget\" data-widget_type=\"button.default\">\n\t\t\t\t<div class=\"elementor-widget-container\">\n\t\t\t\t\t\t\t\t\t<div class=\"elementor-button-wrapper\">\n\t\t\t\t\t<a class=\"elementor-button elementor-button-link elementor-size-sm\" href=\"\/prendre-un-rendez-vous\/\">\n\t\t\t\t\t\t<span class=\"elementor-button-content-wrapper\">\n\t\t\t\t\t\t<span class=\"elementor-button-icon\">\n\t\t\t\t<svg xmlns=\"http:\/\/www.w3.org\/2000\/svg\" width=\"20\" height=\"22\" viewBox=\"0 0 20 22\" fill=\"none\"><g clip-path=\"url(#clip0_4139_8282)\"><path d=\"M14.75 4.20859H18.55C19.0747 4.20859 19.5 4.63393 19.5 5.15859V20.3586C19.5 20.8833 19.0747 21.3086 18.55 21.3086H1.45C0.925334 21.3086 0.5 20.8833 0.5 20.3586V5.15859C0.5 4.63393 0.925334 4.20859 1.45 4.20859H5.25V2.30859H7.15V4.20859H12.85V2.30859H14.75V4.20859ZM2.4 9.90859V19.4086H17.6V9.90859H2.4ZM4.3 13.7086H9.05V17.5086H4.3V13.7086Z\" fill=\"white\"><\/path><\/g><defs><clipPath id=\"clip0_4139_8282\"><rect width=\"19.319\" height=\"21.305\" fill=\"white\" transform=\"translate(0.5 0.308594)\"><\/rect><\/clipPath><\/defs><\/svg>\t\t\t<\/span>\n\t\t\t\t\t\t\t\t\t<span class=\"elementor-button-text\">Prendre un rendez-vous<\/span>\n\t\t\t\t\t<\/span>\n\t\t\t\t\t<\/a>\n\t\t\t\t<\/div>\n\t\t\t\t\t\t\t\t<\/div>\n\t\t\t\t<\/div>\n\t\t\t\t<\/div>\n\t\t\t\t<div class=\"elementor-element elementor-element-fd99d2b elementor-widget__width-initial elementor-widget elementor-widget-text-editor\" data-id=\"fd99d2b\" data-element_type=\"widget\" data-e-type=\"widget\" data-widget_type=\"text-editor.default\">\n\t\t\t\t<div class=\"elementor-widget-container\">\n\t\t\t\t\t\t\t\t\t<p>Vous avez toujours r\u00eav\u00e9 d\u2019un \u00eelot central\u00a0? C\u2019est possible avec \u00e8ggo\u00a0! Parlez-nous de votre projet. Nos designers cuisinistes cr\u00e9ent votre am\u00e9nagement <strong>sur mesure<\/strong>, selon vos <strong>besoins<\/strong> et votre <strong>budget<\/strong>.\u00a0<\/p>\t\t\t\t\t\t\t\t<\/div>\n\t\t\t\t<\/div>\n\t\t\t\t\t<\/div>\n\t\t\t\t<\/div>\n\t\t\t\t<\/div>\n\t\t","protected":false},"excerpt":{"rendered":"<p>Vous avez toujours r\u00eav\u00e9 d\u2019un <strong>\u00eelot central<\/strong>, mais vous poss\u00e9dez une <a href=\"\/cuisines\/agencement\/petites-cuisines\">petite cuisine<\/a> ? Pas de probl\u00e8me\u00a0! Bien pens\u00e9 et bien am\u00e9nag\u00e9, l\u2019\u00eelot central s\u2019int\u00e8gre parfaitement aux cuisines de petite taille et apporte m\u00eame des avantages non n\u00e9gligeables. Alors, chez \u00e8ggo, nos designers vous donnent un <a href=\"\/prix-dune-cuisine\/petit-prix\/\">coup de pouce<\/a> pour am\u00e9nager votre petite cuisine avec un \u00eelot central, \u00e0 moindres frais.\u00a0<\/p>\n","protected":false},"author":1,"featured_media":11541,"comment_status":"closed","ping_status":"open","sticky":false,"template":"","format":"standard","meta":{"footnotes":""},"categories":[1],"tags":[],"class_list":["post-11522","post","type-post","status-publish","format-standard","has-post-thumbnail","hentry","category-astuce"],"yoast_head":"<!-- This site is optimized with the Yoast SEO Premium plugin v26.2 (Yoast SEO v27.4) - https:\/\/yoast.com\/product\/yoast-seo-premium-wordpress\/ -->\n<title>Petite cuisine : comment y int\u00e9grer un \u00eelot central ? - Eggo<\/title>\n<meta name=\"description\" content=\"L\u2019\u00eelot central dans une petite cuisine, c\u2019est r\u00e9alisable ! D\u00e9couvrez nos conseils pour bien choisir votre \u00eelot central pour votre petite pi\u00e8ce.\" \/>\n<meta name=\"robots\" content=\"index, follow, max-snippet:-1, max-image-preview:large, max-video-preview:-1\" \/>\n<link rel=\"canonical\" href=\"https:\/\/www.eggo.be\/fr\/blog\/een-keukeneiland-in-een-kleine-keuken-graag-maar-hoe\/\" \/>\n<meta property=\"og:locale\" content=\"fr_FR\" \/>\n<meta property=\"og:type\" content=\"article\" \/>\n<meta property=\"og:title\" content=\"Comment int\u00e9grer un \u00eelot central dans une petite cuisine\u00a0? - Eggo\" \/>\n<meta property=\"og:description\" content=\"Vous avez toujours r\u00eav\u00e9 d\u2019un \u00eelot central, mais vous poss\u00e9dez une petite cuisine ? Pas de probl\u00e8me\u00a0! Bien pens\u00e9 et bien am\u00e9nag\u00e9, l\u2019\u00eelot central s\u2019int\u00e8gre parfaitement aux cuisines de petite taille et apporte m\u00eame des avantages non n\u00e9gligeables. Alors, chez \u00e8ggo, nos designers vous donnent un coup de pouce pour am\u00e9nager votre petite cuisine avec un \u00eelot central, \u00e0 moindres frais.\u00a0\" \/>\n<meta property=\"og:url\" content=\"https:\/\/www.eggo.be\/nl\/blog\/een-keukeneiland-in-een-kleine-keuken-graag-maar-hoe\/\" \/>\n<meta property=\"og:site_name\" content=\"Eggo\" \/>\n<meta property=\"article:publisher\" content=\"https:\/\/www.facebook.com\/eggokitchen\" \/>\n<meta property=\"article:published_time\" content=\"2025-03-28T09:02:49+00:00\" \/>\n<meta property=\"article:modified_time\" content=\"2025-05-19T08:42:14+00:00\" \/>\n<meta property=\"og:image\" content=\"https:\/\/www.eggo.be\/wp-content\/uploads\/2025\/03\/Rectangle-330-5-2.png\" \/>\n\t<meta property=\"og:image:width\" content=\"737\" \/>\n\t<meta property=\"og:image:height\" content=\"356\" \/>\n\t<meta property=\"og:image:type\" content=\"image\/png\" \/>\n<meta name=\"author\" content=\"eggo_dev\" \/>\n<meta name=\"twitter:card\" content=\"summary_large_image\" \/>\n<meta name=\"twitter:label1\" content=\"\u00c9crit par\" \/>\n\t<meta name=\"twitter:data1\" content=\"eggo_dev\" \/>\n\t<meta name=\"twitter:label2\" content=\"Dur\u00e9e de lecture estim\u00e9e\" \/>\n\t<meta name=\"twitter:data2\" content=\"6 minutes\" \/>\n<script type=\"application\/ld+json\" class=\"yoast-schema-graph\">{\"@context\":\"https:\\\/\\\/schema.org\",\"@graph\":[{\"@type\":[\"Article\",\"BlogPosting\"],\"@id\":\"https:\\\/\\\/www.eggo.be\\\/nl\\\/blog\\\/een-keukeneiland-in-een-kleine-keuken-graag-maar-hoe\\\/#article\",\"isPartOf\":{\"@id\":\"https:\\\/\\\/www.eggo.be\\\/fr\\\/blog\\\/comment-integrer-un-ilot-central-dans-une-petite-cuisine\\\/\"},\"author\":{\"name\":\"eggo_dev\",\"@id\":\"https:\\\/\\\/www.eggo.be\\\/fr\\\/#\\\/schema\\\/person\\\/aae9f27f724c5b9a4c923893f34f0f6b\"},\"headline\":\"Comment int\u00e9grer un \u00eelot central dans une petite cuisine\u00a0?\",\"datePublished\":\"2025-03-28T09:02:49+00:00\",\"dateModified\":\"2025-05-19T08:42:14+00:00\",\"mainEntityOfPage\":{\"@id\":\"https:\\\/\\\/www.eggo.be\\\/fr\\\/blog\\\/comment-integrer-un-ilot-central-dans-une-petite-cuisine\\\/\"},\"wordCount\":772,\"publisher\":{\"@id\":\"https:\\\/\\\/www.eggo.be\\\/fr\\\/#organization\"},\"image\":{\"@id\":\"https:\\\/\\\/www.eggo.be\\\/nl\\\/blog\\\/een-keukeneiland-in-een-kleine-keuken-graag-maar-hoe\\\/#primaryimage\"},\"thumbnailUrl\":\"https:\\\/\\\/www.eggo.be\\\/wp-content\\\/uploads\\\/2025\\\/03\\\/Rectangle-330-5-2.png\",\"articleSection\":[\"Astuce\"],\"inLanguage\":\"fr-FR\",\"copyrightYear\":\"2025\",\"copyrightHolder\":{\"@id\":\"https:\\\/\\\/www.eggo.be\\\/#organization\"}},{\"@type\":\"WebPage\",\"@id\":\"https:\\\/\\\/www.eggo.be\\\/fr\\\/blog\\\/comment-integrer-un-ilot-central-dans-une-petite-cuisine\\\/\",\"url\":\"https:\\\/\\\/www.eggo.be\\\/nl\\\/blog\\\/een-keukeneiland-in-een-kleine-keuken-graag-maar-hoe\\\/\",\"name\":\"Petite cuisine : comment y int\u00e9grer un \u00eelot central ? - Eggo\",\"isPartOf\":{\"@id\":\"https:\\\/\\\/www.eggo.be\\\/fr\\\/#website\"},\"primaryImageOfPage\":{\"@id\":\"https:\\\/\\\/www.eggo.be\\\/nl\\\/blog\\\/een-keukeneiland-in-een-kleine-keuken-graag-maar-hoe\\\/#primaryimage\"},\"image\":{\"@id\":\"https:\\\/\\\/www.eggo.be\\\/nl\\\/blog\\\/een-keukeneiland-in-een-kleine-keuken-graag-maar-hoe\\\/#primaryimage\"},\"thumbnailUrl\":\"https:\\\/\\\/www.eggo.be\\\/wp-content\\\/uploads\\\/2025\\\/03\\\/Rectangle-330-5-2.png\",\"datePublished\":\"2025-03-28T09:02:49+00:00\",\"dateModified\":\"2025-05-19T08:42:14+00:00\",\"description\":\"L\u2019\u00eelot central dans une petite cuisine, c\u2019est r\u00e9alisable ! D\u00e9couvrez nos conseils pour bien choisir votre \u00eelot central pour votre petite pi\u00e8ce.\",\"breadcrumb\":{\"@id\":\"https:\\\/\\\/www.eggo.be\\\/nl\\\/blog\\\/een-keukeneiland-in-een-kleine-keuken-graag-maar-hoe\\\/#breadcrumb\"},\"inLanguage\":\"fr-FR\",\"potentialAction\":[{\"@type\":\"ReadAction\",\"target\":[\"https:\\\/\\\/www.eggo.be\\\/nl\\\/blog\\\/een-keukeneiland-in-een-kleine-keuken-graag-maar-hoe\\\/\"]}]},{\"@type\":\"ImageObject\",\"inLanguage\":\"fr-FR\",\"@id\":\"https:\\\/\\\/www.eggo.be\\\/nl\\\/blog\\\/een-keukeneiland-in-een-kleine-keuken-graag-maar-hoe\\\/#primaryimage\",\"url\":\"https:\\\/\\\/www.eggo.be\\\/wp-content\\\/uploads\\\/2025\\\/03\\\/Rectangle-330-5-2.png\",\"contentUrl\":\"https:\\\/\\\/www.eggo.be\\\/wp-content\\\/uploads\\\/2025\\\/03\\\/Rectangle-330-5-2.png\",\"width\":737,\"height\":356,\"caption\":\"Cuisine moderne avec plan de travail en bois clair, \u00e9vier double en inox, plaque de cuisson noire, et plateau avec pommes vertes.\"},{\"@type\":\"BreadcrumbList\",\"@id\":\"https:\\\/\\\/www.eggo.be\\\/nl\\\/blog\\\/een-keukeneiland-in-een-kleine-keuken-graag-maar-hoe\\\/#breadcrumb\",\"itemListElement\":[{\"@type\":\"ListItem\",\"position\":1,\"name\":\"Home\",\"item\":\"https:\\\/\\\/www.eggo.be\\\/fr\\\/\"},{\"@type\":\"ListItem\",\"position\":2,\"name\":\"Comment int\u00e9grer un \u00eelot central dans une petite cuisine\u00a0?\"}]},{\"@type\":\"WebSite\",\"@id\":\"https:\\\/\\\/www.eggo.be\\\/fr\\\/#website\",\"url\":\"https:\\\/\\\/www.eggo.be\\\/fr\\\/\",\"name\":\"\u00e8ggo\",\"description\":\"\",\"publisher\":{\"@id\":\"https:\\\/\\\/www.eggo.be\\\/fr\\\/#organization\"},\"potentialAction\":[{\"@type\":\"SearchAction\",\"target\":{\"@type\":\"EntryPoint\",\"urlTemplate\":\"https:\\\/\\\/www.eggo.be\\\/fr\\\/?s={search_term_string}\"},\"query-input\":{\"@type\":\"PropertyValueSpecification\",\"valueRequired\":true,\"valueName\":\"search_term_string\"}}],\"inLanguage\":\"fr-FR\"},{\"@type\":[\"Organization\",\"Place\"],\"@id\":\"https:\\\/\\\/www.eggo.be\\\/fr\\\/#organization\",\"name\":\"\u00e8ggo\",\"alternateName\":\"eggo\",\"url\":\"https:\\\/\\\/www.eggo.be\\\/fr\\\/\",\"logo\":{\"@id\":\"https:\\\/\\\/www.eggo.be\\\/nl\\\/blog\\\/een-keukeneiland-in-een-kleine-keuken-graag-maar-hoe\\\/#local-main-organization-logo\"},\"image\":{\"@id\":\"https:\\\/\\\/www.eggo.be\\\/nl\\\/blog\\\/een-keukeneiland-in-een-kleine-keuken-graag-maar-hoe\\\/#local-main-organization-logo\"},\"sameAs\":[\"https:\\\/\\\/www.facebook.com\\\/eggokitchen\",\"https:\\\/\\\/www.linkedin.com\\\/company\\\/eggo\\\/\"],\"description\":\"Des cuisines et meubles de rangement de qualit\u00e9 \u00e0 des prix avantageux ! D\u00e9couvrez nos mod\u00e8les et prenez rendez-vous en ligne dans votre showroom \u00e8ggo.\",\"telephone\":[],\"openingHoursSpecification\":[{\"@type\":\"OpeningHoursSpecification\",\"dayOfWeek\":[\"Monday\",\"Tuesday\",\"Wednesday\",\"Thursday\",\"Friday\",\"Saturday\",\"Sunday\"],\"opens\":\"09:00\",\"closes\":\"17:00\"}]},{\"@type\":\"Person\",\"@id\":\"https:\\\/\\\/www.eggo.be\\\/fr\\\/#\\\/schema\\\/person\\\/aae9f27f724c5b9a4c923893f34f0f6b\",\"name\":\"eggo_dev\",\"image\":{\"@type\":\"ImageObject\",\"inLanguage\":\"fr-FR\",\"@id\":\"https:\\\/\\\/secure.gravatar.com\\\/avatar\\\/bcd415b3cafef8b98a91e4fa49eee6f47f5175896333b1b082adbf6a671a8782?s=96&d=mm&r=g\",\"url\":\"https:\\\/\\\/secure.gravatar.com\\\/avatar\\\/bcd415b3cafef8b98a91e4fa49eee6f47f5175896333b1b082adbf6a671a8782?s=96&d=mm&r=g\",\"contentUrl\":\"https:\\\/\\\/secure.gravatar.com\\\/avatar\\\/bcd415b3cafef8b98a91e4fa49eee6f47f5175896333b1b082adbf6a671a8782?s=96&d=mm&r=g\",\"caption\":\"eggo_dev\"},\"sameAs\":[\"https:\\\/\\\/www.eggo.be\"],\"url\":\"https:\\\/\\\/www.eggo.be\\\/fr\\\/author\\\/eggo_dev\\\/\"},{\"@type\":\"ImageObject\",\"inLanguage\":\"fr-FR\",\"@id\":\"https:\\\/\\\/www.eggo.be\\\/nl\\\/blog\\\/een-keukeneiland-in-een-kleine-keuken-graag-maar-hoe\\\/#local-main-organization-logo\",\"url\":\"https:\\\/\\\/www.eggo.be\\\/wp-content\\\/uploads\\\/2025\\\/01\\\/Logo.png\",\"contentUrl\":\"https:\\\/\\\/www.eggo.be\\\/wp-content\\\/uploads\\\/2025\\\/01\\\/Logo.png\",\"width\":88,\"height\":88,\"caption\":\"\u00e8ggo\"}]}<\/script>\n<!-- \/ Yoast SEO Premium plugin. -->","yoast_head_json":{"title":"Petite cuisine : comment y int\u00e9grer un \u00eelot central ? - Eggo","description":"L\u2019\u00eelot central dans une petite cuisine, c\u2019est r\u00e9alisable ! D\u00e9couvrez nos conseils pour bien choisir votre \u00eelot central pour votre petite pi\u00e8ce.","robots":{"index":"index","follow":"follow","max-snippet":"max-snippet:-1","max-image-preview":"max-image-preview:large","max-video-preview":"max-video-preview:-1"},"canonical":"https:\/\/www.eggo.be\/fr\/blog\/een-keukeneiland-in-een-kleine-keuken-graag-maar-hoe\/","og_locale":"fr_FR","og_type":"article","og_title":"Comment int\u00e9grer un \u00eelot central dans une petite cuisine\u00a0? - Eggo","og_description":"Vous avez toujours r\u00eav\u00e9 d\u2019un \u00eelot central, mais vous poss\u00e9dez une petite cuisine ? Pas de probl\u00e8me\u00a0! Bien pens\u00e9 et bien am\u00e9nag\u00e9, l\u2019\u00eelot central s\u2019int\u00e8gre parfaitement aux cuisines de petite taille et apporte m\u00eame des avantages non n\u00e9gligeables. Alors, chez \u00e8ggo, nos designers vous donnent un coup de pouce pour am\u00e9nager votre petite cuisine avec un \u00eelot central, \u00e0 moindres frais.\u00a0","og_url":"https:\/\/www.eggo.be\/nl\/blog\/een-keukeneiland-in-een-kleine-keuken-graag-maar-hoe\/","og_site_name":"Eggo","article_publisher":"https:\/\/www.facebook.com\/eggokitchen","article_published_time":"2025-03-28T09:02:49+00:00","article_modified_time":"2025-05-19T08:42:14+00:00","og_image":[{"width":737,"height":356,"url":"https:\/\/www.eggo.be\/wp-content\/uploads\/2025\/03\/Rectangle-330-5-2.png","type":"image\/png"}],"author":"eggo_dev","twitter_card":"summary_large_image","twitter_misc":{"\u00c9crit par":"eggo_dev","Dur\u00e9e de lecture estim\u00e9e":"6 minutes"},"schema":{"@context":"https:\/\/schema.org","@graph":[{"@type":["Article","BlogPosting"],"@id":"https:\/\/www.eggo.be\/nl\/blog\/een-keukeneiland-in-een-kleine-keuken-graag-maar-hoe\/#article","isPartOf":{"@id":"https:\/\/www.eggo.be\/fr\/blog\/comment-integrer-un-ilot-central-dans-une-petite-cuisine\/"},"author":{"name":"eggo_dev","@id":"https:\/\/www.eggo.be\/fr\/#\/schema\/person\/aae9f27f724c5b9a4c923893f34f0f6b"},"headline":"Comment int\u00e9grer un \u00eelot central dans une petite cuisine\u00a0?","datePublished":"2025-03-28T09:02:49+00:00","dateModified":"2025-05-19T08:42:14+00:00","mainEntityOfPage":{"@id":"https:\/\/www.eggo.be\/fr\/blog\/comment-integrer-un-ilot-central-dans-une-petite-cuisine\/"},"wordCount":772,"publisher":{"@id":"https:\/\/www.eggo.be\/fr\/#organization"},"image":{"@id":"https:\/\/www.eggo.be\/nl\/blog\/een-keukeneiland-in-een-kleine-keuken-graag-maar-hoe\/#primaryimage"},"thumbnailUrl":"https:\/\/www.eggo.be\/wp-content\/uploads\/2025\/03\/Rectangle-330-5-2.png","articleSection":["Astuce"],"inLanguage":"fr-FR","copyrightYear":"2025","copyrightHolder":{"@id":"https:\/\/www.eggo.be\/#organization"}},{"@type":"WebPage","@id":"https:\/\/www.eggo.be\/fr\/blog\/comment-integrer-un-ilot-central-dans-une-petite-cuisine\/","url":"https:\/\/www.eggo.be\/nl\/blog\/een-keukeneiland-in-een-kleine-keuken-graag-maar-hoe\/","name":"Petite cuisine : comment y int\u00e9grer un \u00eelot central ? - Eggo","isPartOf":{"@id":"https:\/\/www.eggo.be\/fr\/#website"},"primaryImageOfPage":{"@id":"https:\/\/www.eggo.be\/nl\/blog\/een-keukeneiland-in-een-kleine-keuken-graag-maar-hoe\/#primaryimage"},"image":{"@id":"https:\/\/www.eggo.be\/nl\/blog\/een-keukeneiland-in-een-kleine-keuken-graag-maar-hoe\/#primaryimage"},"thumbnailUrl":"https:\/\/www.eggo.be\/wp-content\/uploads\/2025\/03\/Rectangle-330-5-2.png","datePublished":"2025-03-28T09:02:49+00:00","dateModified":"2025-05-19T08:42:14+00:00","description":"L\u2019\u00eelot central dans une petite cuisine, c\u2019est r\u00e9alisable ! D\u00e9couvrez nos conseils pour bien choisir votre \u00eelot central pour votre petite pi\u00e8ce.","breadcrumb":{"@id":"https:\/\/www.eggo.be\/nl\/blog\/een-keukeneiland-in-een-kleine-keuken-graag-maar-hoe\/#breadcrumb"},"inLanguage":"fr-FR","potentialAction":[{"@type":"ReadAction","target":["https:\/\/www.eggo.be\/nl\/blog\/een-keukeneiland-in-een-kleine-keuken-graag-maar-hoe\/"]}]},{"@type":"ImageObject","inLanguage":"fr-FR","@id":"https:\/\/www.eggo.be\/nl\/blog\/een-keukeneiland-in-een-kleine-keuken-graag-maar-hoe\/#primaryimage","url":"https:\/\/www.eggo.be\/wp-content\/uploads\/2025\/03\/Rectangle-330-5-2.png","contentUrl":"https:\/\/www.eggo.be\/wp-content\/uploads\/2025\/03\/Rectangle-330-5-2.png","width":737,"height":356,"caption":"Cuisine moderne avec plan de travail en bois clair, \u00e9vier double en inox, plaque de cuisson noire, et plateau avec pommes vertes."},{"@type":"BreadcrumbList","@id":"https:\/\/www.eggo.be\/nl\/blog\/een-keukeneiland-in-een-kleine-keuken-graag-maar-hoe\/#breadcrumb","itemListElement":[{"@type":"ListItem","position":1,"name":"Home","item":"https:\/\/www.eggo.be\/fr\/"},{"@type":"ListItem","position":2,"name":"Comment int\u00e9grer un \u00eelot central dans une petite cuisine\u00a0?"}]},{"@type":"WebSite","@id":"https:\/\/www.eggo.be\/fr\/#website","url":"https:\/\/www.eggo.be\/fr\/","name":"\u00e8ggo","description":"","publisher":{"@id":"https:\/\/www.eggo.be\/fr\/#organization"},"potentialAction":[{"@type":"SearchAction","target":{"@type":"EntryPoint","urlTemplate":"https:\/\/www.eggo.be\/fr\/?s={search_term_string}"},"query-input":{"@type":"PropertyValueSpecification","valueRequired":true,"valueName":"search_term_string"}}],"inLanguage":"fr-FR"},{"@type":["Organization","Place"],"@id":"https:\/\/www.eggo.be\/fr\/#organization","name":"\u00e8ggo","alternateName":"eggo","url":"https:\/\/www.eggo.be\/fr\/","logo":{"@id":"https:\/\/www.eggo.be\/nl\/blog\/een-keukeneiland-in-een-kleine-keuken-graag-maar-hoe\/#local-main-organization-logo"},"image":{"@id":"https:\/\/www.eggo.be\/nl\/blog\/een-keukeneiland-in-een-kleine-keuken-graag-maar-hoe\/#local-main-organization-logo"},"sameAs":["https:\/\/www.facebook.com\/eggokitchen","https:\/\/www.linkedin.com\/company\/eggo\/"],"description":"Des cuisines et meubles de rangement de qualit\u00e9 \u00e0 des prix avantageux ! D\u00e9couvrez nos mod\u00e8les et prenez rendez-vous en ligne dans votre showroom \u00e8ggo.","telephone":[],"openingHoursSpecification":[{"@type":"OpeningHoursSpecification","dayOfWeek":["Monday","Tuesday","Wednesday","Thursday","Friday","Saturday","Sunday"],"opens":"09:00","closes":"17:00"}]},{"@type":"Person","@id":"https:\/\/www.eggo.be\/fr\/#\/schema\/person\/aae9f27f724c5b9a4c923893f34f0f6b","name":"eggo_dev","image":{"@type":"ImageObject","inLanguage":"fr-FR","@id":"https:\/\/secure.gravatar.com\/avatar\/bcd415b3cafef8b98a91e4fa49eee6f47f5175896333b1b082adbf6a671a8782?s=96&d=mm&r=g","url":"https:\/\/secure.gravatar.com\/avatar\/bcd415b3cafef8b98a91e4fa49eee6f47f5175896333b1b082adbf6a671a8782?s=96&d=mm&r=g","contentUrl":"https:\/\/secure.gravatar.com\/avatar\/bcd415b3cafef8b98a91e4fa49eee6f47f5175896333b1b082adbf6a671a8782?s=96&d=mm&r=g","caption":"eggo_dev"},"sameAs":["https:\/\/www.eggo.be"],"url":"https:\/\/www.eggo.be\/fr\/author\/eggo_dev\/"},{"@type":"ImageObject","inLanguage":"fr-FR","@id":"https:\/\/www.eggo.be\/nl\/blog\/een-keukeneiland-in-een-kleine-keuken-graag-maar-hoe\/#local-main-organization-logo","url":"https:\/\/www.eggo.be\/wp-content\/uploads\/2025\/01\/Logo.png","contentUrl":"https:\/\/www.eggo.be\/wp-content\/uploads\/2025\/01\/Logo.png","width":88,"height":88,"caption":"\u00e8ggo"}]}},"meta_box":{"promotion_toggle":"0","small_featured_promotion_toggle":"0","promotion_icon":[],"promotion_description":"","promotion_period":"","promotion_link":"","promotion_bg_color":"#ffffff","promotion_text_color":"#fe5000","read_more_content":"<h3>L\u2019am\u00e9nagement de votre \u00eelot central<\/h3>\n<p>L\u2019am\u00e9nagement de votre \u00eelot selon vos besoins est sans nul doute du crit\u00e8re le plus important pour optimiser l\u2019espace disponible dans votre petite cuisine.<\/p>\n"},"_links":{"self":[{"href":"https:\/\/www.eggo.be\/fr\/wp-json\/wp\/v2\/posts\/11522","targetHints":{"allow":["GET"]}}],"collection":[{"href":"https:\/\/www.eggo.be\/fr\/wp-json\/wp\/v2\/posts"}],"about":[{"href":"https:\/\/www.eggo.be\/fr\/wp-json\/wp\/v2\/types\/post"}],"author":[{"embeddable":true,"href":"https:\/\/www.eggo.be\/fr\/wp-json\/wp\/v2\/users\/1"}],"replies":[{"embeddable":true,"href":"https:\/\/www.eggo.be\/fr\/wp-json\/wp\/v2\/comments?post=11522"}],"version-history":[{"count":126,"href":"https:\/\/www.eggo.be\/fr\/wp-json\/wp\/v2\/posts\/11522\/revisions"}],"predecessor-version":[{"id":28992,"href":"https:\/\/www.eggo.be\/fr\/wp-json\/wp\/v2\/posts\/11522\/revisions\/28992"}],"wp:featuredmedia":[{"embeddable":true,"href":"https:\/\/www.eggo.be\/fr\/wp-json\/wp\/v2\/media\/11541"}],"wp:attachment":[{"href":"https:\/\/www.eggo.be\/fr\/wp-json\/wp\/v2\/media?parent=11522"}],"wp:term":[{"taxonomy":"category","embeddable":true,"href":"https:\/\/www.eggo.be\/fr\/wp-json\/wp\/v2\/categories?post=11522"},{"taxonomy":"post_tag","embeddable":true,"href":"https:\/\/www.eggo.be\/fr\/wp-json\/wp\/v2\/tags?post=11522"}],"curies":[{"name":"wp","href":"https:\/\/api.w.org\/{rel}","templated":true}]}}